{"id":1248,"date":"2022-02-03T14:43:21","date_gmt":"2022-02-03T12:43:21","guid":{"rendered":"https:\/\/pc2.fpecaixa.info\/?p=1248"},"modified":"2025-02-21T10:41:51","modified_gmt":"2025-02-21T08:41:51","slug":"premios-ipe-conference-awards","status":"publish","type":"post","link":"https:\/\/pc2.fpecaixa.info\/en\/premios-ipe-conference-awards\/","title":{"rendered":"PREMIOS IPE CONFERENCE &amp; AWARDS"},"content":{"rendered":"\n<p>Anualmente se celebra el mayor evento de fondos de pensiones en Europa, los premios IPE Conference &amp; Awards, donde se valora la excelencia, los avances en la industria de los fondos de pensiones de Europa y se reconocen los l\u00edderes en el sector.<\/p>\n\n\n\n<p><br>Este a\u00f1o, y una vez m\u00e1s, Pensions Caixa 2, F.P. ve recompensado el trabajo y esfuerzo de todos los miembros del Fondo de Pensiones, quedando finalista en la categor\u00eda a mejor plan de pensiones de empleo en Espa\u00f1a,<br>donde se reconocen los \u00faltimos grandes cambios en la estrategia de inversi\u00f3n para adaptarse a las necesidades de mercado, as\u00ed como los esfuerzos en gobernanza, destacando la incorporaci\u00f3n de \u00edndices ESG a la<br>estrategia de inversi\u00f3n, la nueva p\u00e1gina web para una comunicaci\u00f3n m\u00e1s activa con los miembros y la formaci\u00f3n continua de los miembros de la Comisi\u00f3n de Control.<\/p>\n\n\n\n<p><br>Asimismo, Pensions Caixa 2, F.P. ha sido finalista en la categor\u00eda de fondo de pensiones de empleo de menor tama\u00f1o, premiando el crecimiento del fondo que se convierte en el mayor fondo asociado espa\u00f1ol por volumen de activos. <\/p>\n\n\n\n<div class=\"wp-block-image\"><figure class=\"aligncenter size-full is-resized\"><img loading=\"lazy\" decoding=\"async\" src=\"https:\/\/pc2.fpecaixa.info\/wp-content\/uploads\/sites\/2\/2022\/02\/image.png\" alt=\"\" class=\"wp-image-1249\" width=\"210\" height=\"95\" srcset=\"https:\/\/pc2.fpecaixa.info\/wp-content\/uploads\/sites\/2\/2022\/02\/image.png 838w, https:\/\/pc2.fpecaixa.info\/wp-content\/uploads\/sites\/2\/2022\/02\/image-300x135.png 300w, https:\/\/pc2.fpecaixa.info\/wp-content\/uploads\/sites\/2\/2022\/02\/image-768x346.png 768w\" sizes=\"auto, (max-width: 210px) 100vw, 210px\" \/><\/figure><\/div>\n\n\n\n<div class=\"wp-block-image\"><figure class=\"aligncenter size-full is-resized\"><img loading=\"lazy\" decoding=\"async\" src=\"https:\/\/pc2.fpecaixa.info\/wp-content\/uploads\/sites\/2\/2022\/02\/image-1.png\" alt=\"\" class=\"wp-image-1252\" width=\"162\" height=\"160\" srcset=\"https:\/\/pc2.fpecaixa.info\/wp-content\/uploads\/sites\/2\/2022\/02\/image-1.png 648w, https:\/\/pc2.fpecaixa.info\/wp-content\/uploads\/sites\/2\/2022\/02\/image-1-300x296.png 300w\" sizes=\"auto, (max-width: 162px) 100vw, 162px\" \/><\/figure><\/div>\n","protected":false},"excerpt":{"rendered":"<p>Anualmente se celebra el mayor evento de fondos de pensiones en Europa, los premios IPE Conference &amp; Awards, donde se valora la excelencia, los avances en la industria de los fondos de pensiones de Europa y se reconocen los l\u00edderes en el sector. Este a\u00f1o, y una vez m\u00e1s, Pensions Caixa 2, F.P. ve recompensado [&hellip;]<\/p>\n","protected":false},"author":6,"featured_media":1298,"comment_status":"closed","ping_status":"open","sticky":false,"template":"","format":"standard","meta":{"_acf_changed":false,"footnotes":""},"categories":[20,1],"tags":[],"class_list":["post-1248","post","type-post","status-publish","format-standard","has-post-thumbnail","hentry","category-destacadas","category-noticias"],"acf":[],"yoast_head":"<!-- This site is optimized with the Yoast SEO plugin v27.5 - https:\/\/yoast.com\/product\/yoast-seo-wordpress\/ -->\n<title>PREMIOS IPE CONFERENCE &amp; AWARDS - Plan Colectivo Asociado (PC2)<\/title>\n<meta name=\"robots\" content=\"index, follow, max-snippet:-1, max-image-preview:large, max-video-preview:-1\" \/>\n<link rel=\"canonical\" href=\"https:\/\/pc2.fpecaixa.info\/premios-ipe-conference-awards\/\" \/>\n<meta property=\"og:locale\" content=\"en_US\" \/>\n<meta property=\"og:type\" content=\"article\" \/>\n<meta property=\"og:title\" content=\"PREMIOS IPE CONFERENCE &amp; AWARDS - Plan Colectivo Asociado (PC2)\" \/>\n<meta property=\"og:description\" content=\"Anualmente se celebra el mayor evento de fondos de pensiones en Europa, los premios IPE Conference &amp; Awards, donde se valora la excelencia, los avances en la industria de los fondos de pensiones de Europa y se reconocen los l\u00edderes en el sector. Este a\u00f1o, y una vez m\u00e1s, Pensions Caixa 2, F.P. ve recompensado [&hellip;]\" \/>\n<meta property=\"og:url\" content=\"https:\/\/pc2.fpecaixa.info\/premios-ipe-conference-awards\/\" \/>\n<meta property=\"og:site_name\" content=\"Plan Colectivo Asociado (PC2)\" \/>\n<meta property=\"article:published_time\" content=\"2022-02-03T12:43:21+00:00\" \/>\n<meta property=\"article:modified_time\" content=\"2025-02-21T08:41:51+00:00\" \/>\n<meta property=\"og:image\" content=\"http:\/\/pc2.fpecaixa.info\/wp-content\/uploads\/sites\/2\/2022\/02\/IPE-2021.png\" \/>\n\t<meta property=\"og:image:width\" content=\"300\" \/>\n\t<meta property=\"og:image:height\" content=\"185\" \/>\n\t<meta property=\"og:image:type\" content=\"image\/png\" \/>\n<meta name=\"author\" content=\"ijhernandez\" \/>\n<meta name=\"twitter:card\" content=\"summary_large_image\" \/>\n<meta name=\"twitter:label1\" content=\"Written by\" \/>\n\t<meta name=\"twitter:data1\" content=\"ijhernandez\" \/>\n\t<meta name=\"twitter:label2\" content=\"Est. reading time\" \/>\n\t<meta name=\"twitter:data2\" content=\"1 minute\" \/>\n<script type=\"application\/ld+json\" class=\"yoast-schema-graph\">{\"@context\":\"https:\\\/\\\/schema.org\",\"@graph\":[{\"@type\":\"Article\",\"@id\":\"https:\\\/\\\/pc2.fpecaixa.info\\\/premios-ipe-conference-awards\\\/#article\",\"isPartOf\":{\"@id\":\"https:\\\/\\\/pc2.fpecaixa.info\\\/premios-ipe-conference-awards\\\/\"},\"author\":{\"name\":\"ijhernandez\",\"@id\":\"https:\\\/\\\/pc2.fpecaixa.info\\\/#\\\/schema\\\/person\\\/aa69608ee32bb66f1154144f2e88b216\"},\"headline\":\"PREMIOS IPE CONFERENCE &amp; AWARDS\",\"datePublished\":\"2022-02-03T12:43:21+00:00\",\"dateModified\":\"2025-02-21T08:41:51+00:00\",\"mainEntityOfPage\":{\"@id\":\"https:\\\/\\\/pc2.fpecaixa.info\\\/premios-ipe-conference-awards\\\/\"},\"wordCount\":199,\"image\":{\"@id\":\"https:\\\/\\\/pc2.fpecaixa.info\\\/premios-ipe-conference-awards\\\/#primaryimage\"},\"thumbnailUrl\":\"https:\\\/\\\/pc2.fpecaixa.info\\\/wp-content\\\/uploads\\\/sites\\\/2\\\/2022\\\/02\\\/IPE-2021.png\",\"articleSection\":[\"Destacadas\",\"Noticias\"],\"inLanguage\":\"en-US\"},{\"@type\":\"WebPage\",\"@id\":\"https:\\\/\\\/pc2.fpecaixa.info\\\/premios-ipe-conference-awards\\\/\",\"url\":\"https:\\\/\\\/pc2.fpecaixa.info\\\/premios-ipe-conference-awards\\\/\",\"name\":\"PREMIOS IPE CONFERENCE &amp; AWARDS - Plan Colectivo Asociado (PC2)\",\"isPartOf\":{\"@id\":\"https:\\\/\\\/pc2.fpecaixa.info\\\/#website\"},\"primaryImageOfPage\":{\"@id\":\"https:\\\/\\\/pc2.fpecaixa.info\\\/premios-ipe-conference-awards\\\/#primaryimage\"},\"image\":{\"@id\":\"https:\\\/\\\/pc2.fpecaixa.info\\\/premios-ipe-conference-awards\\\/#primaryimage\"},\"thumbnailUrl\":\"https:\\\/\\\/pc2.fpecaixa.info\\\/wp-content\\\/uploads\\\/sites\\\/2\\\/2022\\\/02\\\/IPE-2021.png\",\"datePublished\":\"2022-02-03T12:43:21+00:00\",\"dateModified\":\"2025-02-21T08:41:51+00:00\",\"author\":{\"@id\":\"https:\\\/\\\/pc2.fpecaixa.info\\\/#\\\/schema\\\/person\\\/aa69608ee32bb66f1154144f2e88b216\"},\"breadcrumb\":{\"@id\":\"https:\\\/\\\/pc2.fpecaixa.info\\\/premios-ipe-conference-awards\\\/#breadcrumb\"},\"inLanguage\":\"en-US\",\"potentialAction\":[{\"@type\":\"ReadAction\",\"target\":[\"https:\\\/\\\/pc2.fpecaixa.info\\\/premios-ipe-conference-awards\\\/\"]}]},{\"@type\":\"ImageObject\",\"inLanguage\":\"en-US\",\"@id\":\"https:\\\/\\\/pc2.fpecaixa.info\\\/premios-ipe-conference-awards\\\/#primaryimage\",\"url\":\"https:\\\/\\\/pc2.fpecaixa.info\\\/wp-content\\\/uploads\\\/sites\\\/2\\\/2022\\\/02\\\/IPE-2021.png\",\"contentUrl\":\"https:\\\/\\\/pc2.fpecaixa.info\\\/wp-content\\\/uploads\\\/sites\\\/2\\\/2022\\\/02\\\/IPE-2021.png\",\"width\":300,\"height\":185},{\"@type\":\"BreadcrumbList\",\"@id\":\"https:\\\/\\\/pc2.fpecaixa.info\\\/premios-ipe-conference-awards\\\/#breadcrumb\",\"itemListElement\":[{\"@type\":\"ListItem\",\"position\":1,\"name\":\"Home\",\"item\":\"https:\\\/\\\/pc2.fpecaixa.info\\\/\"},{\"@type\":\"ListItem\",\"position\":2,\"name\":\"PREMIOS IPE CONFERENCE &amp; AWARDS\"}]},{\"@type\":\"WebSite\",\"@id\":\"https:\\\/\\\/pc2.fpecaixa.info\\\/#website\",\"url\":\"https:\\\/\\\/pc2.fpecaixa.info\\\/\",\"name\":\"Plan Colectivo Asociado (PC2)\",\"description\":\"Un altre lloc Plan de Pensiones de Empleados de Caixabank Sites \",\"potentialAction\":[{\"@type\":\"SearchAction\",\"target\":{\"@type\":\"EntryPoint\",\"urlTemplate\":\"https:\\\/\\\/pc2.fpecaixa.info\\\/?s={search_term_string}\"},\"query-input\":{\"@type\":\"PropertyValueSpecification\",\"valueRequired\":true,\"valueName\":\"search_term_string\"}}],\"inLanguage\":\"en-US\"},{\"@type\":\"Person\",\"@id\":\"https:\\\/\\\/pc2.fpecaixa.info\\\/#\\\/schema\\\/person\\\/aa69608ee32bb66f1154144f2e88b216\",\"name\":\"ijhernandez\",\"image\":{\"@type\":\"ImageObject\",\"inLanguage\":\"en-US\",\"@id\":\"https:\\\/\\\/secure.gravatar.com\\\/avatar\\\/fc12ba80fe04063a2c363a116cf1b94dc0270db700aa98301e2345b84be9a049?s=96&d=mm&r=g\",\"url\":\"https:\\\/\\\/secure.gravatar.com\\\/avatar\\\/fc12ba80fe04063a2c363a116cf1b94dc0270db700aa98301e2345b84be9a049?s=96&d=mm&r=g\",\"contentUrl\":\"https:\\\/\\\/secure.gravatar.com\\\/avatar\\\/fc12ba80fe04063a2c363a116cf1b94dc0270db700aa98301e2345b84be9a049?s=96&d=mm&r=g\",\"caption\":\"ijhernandez\"},\"url\":\"https:\\\/\\\/pc2.fpecaixa.info\\\/en\\\/author\\\/ijhernandez\\\/\"}]}<\/script>\n<!-- \/ Yoast SEO plugin. -->","yoast_head_json":{"title":"PREMIOS IPE CONFERENCE &amp; AWARDS - Plan Colectivo Asociado (PC2)","robots":{"index":"index","follow":"follow","max-snippet":"max-snippet:-1","max-image-preview":"max-image-preview:large","max-video-preview":"max-video-preview:-1"},"canonical":"https:\/\/pc2.fpecaixa.info\/premios-ipe-conference-awards\/","og_locale":"en_US","og_type":"article","og_title":"PREMIOS IPE CONFERENCE &amp; AWARDS - Plan Colectivo Asociado (PC2)","og_description":"Anualmente se celebra el mayor evento de fondos de pensiones en Europa, los premios IPE Conference &amp; Awards, donde se valora la excelencia, los avances en la industria de los fondos de pensiones de Europa y se reconocen los l\u00edderes en el sector. Este a\u00f1o, y una vez m\u00e1s, Pensions Caixa 2, F.P. ve recompensado [&hellip;]","og_url":"https:\/\/pc2.fpecaixa.info\/premios-ipe-conference-awards\/","og_site_name":"Plan Colectivo Asociado (PC2)","article_published_time":"2022-02-03T12:43:21+00:00","article_modified_time":"2025-02-21T08:41:51+00:00","og_image":[{"width":300,"height":185,"url":"http:\/\/pc2.fpecaixa.info\/wp-content\/uploads\/sites\/2\/2022\/02\/IPE-2021.png","type":"image\/png"}],"author":"ijhernandez","twitter_card":"summary_large_image","twitter_misc":{"Written by":"ijhernandez","Est. reading time":"1 minute"},"schema":{"@context":"https:\/\/schema.org","@graph":[{"@type":"Article","@id":"https:\/\/pc2.fpecaixa.info\/premios-ipe-conference-awards\/#article","isPartOf":{"@id":"https:\/\/pc2.fpecaixa.info\/premios-ipe-conference-awards\/"},"author":{"name":"ijhernandez","@id":"https:\/\/pc2.fpecaixa.info\/#\/schema\/person\/aa69608ee32bb66f1154144f2e88b216"},"headline":"PREMIOS IPE CONFERENCE &amp; AWARDS","datePublished":"2022-02-03T12:43:21+00:00","dateModified":"2025-02-21T08:41:51+00:00","mainEntityOfPage":{"@id":"https:\/\/pc2.fpecaixa.info\/premios-ipe-conference-awards\/"},"wordCount":199,"image":{"@id":"https:\/\/pc2.fpecaixa.info\/premios-ipe-conference-awards\/#primaryimage"},"thumbnailUrl":"https:\/\/pc2.fpecaixa.info\/wp-content\/uploads\/sites\/2\/2022\/02\/IPE-2021.png","articleSection":["Destacadas","Noticias"],"inLanguage":"en-US"},{"@type":"WebPage","@id":"https:\/\/pc2.fpecaixa.info\/premios-ipe-conference-awards\/","url":"https:\/\/pc2.fpecaixa.info\/premios-ipe-conference-awards\/","name":"PREMIOS IPE CONFERENCE &amp; AWARDS - Plan Colectivo Asociado (PC2)","isPartOf":{"@id":"https:\/\/pc2.fpecaixa.info\/#website"},"primaryImageOfPage":{"@id":"https:\/\/pc2.fpecaixa.info\/premios-ipe-conference-awards\/#primaryimage"},"image":{"@id":"https:\/\/pc2.fpecaixa.info\/premios-ipe-conference-awards\/#primaryimage"},"thumbnailUrl":"https:\/\/pc2.fpecaixa.info\/wp-content\/uploads\/sites\/2\/2022\/02\/IPE-2021.png","datePublished":"2022-02-03T12:43:21+00:00","dateModified":"2025-02-21T08:41:51+00:00","author":{"@id":"https:\/\/pc2.fpecaixa.info\/#\/schema\/person\/aa69608ee32bb66f1154144f2e88b216"},"breadcrumb":{"@id":"https:\/\/pc2.fpecaixa.info\/premios-ipe-conference-awards\/#breadcrumb"},"inLanguage":"en-US","potentialAction":[{"@type":"ReadAction","target":["https:\/\/pc2.fpecaixa.info\/premios-ipe-conference-awards\/"]}]},{"@type":"ImageObject","inLanguage":"en-US","@id":"https:\/\/pc2.fpecaixa.info\/premios-ipe-conference-awards\/#primaryimage","url":"https:\/\/pc2.fpecaixa.info\/wp-content\/uploads\/sites\/2\/2022\/02\/IPE-2021.png","contentUrl":"https:\/\/pc2.fpecaixa.info\/wp-content\/uploads\/sites\/2\/2022\/02\/IPE-2021.png","width":300,"height":185},{"@type":"BreadcrumbList","@id":"https:\/\/pc2.fpecaixa.info\/premios-ipe-conference-awards\/#breadcrumb","itemListElement":[{"@type":"ListItem","position":1,"name":"Home","item":"https:\/\/pc2.fpecaixa.info\/"},{"@type":"ListItem","position":2,"name":"PREMIOS IPE CONFERENCE &amp; AWARDS"}]},{"@type":"WebSite","@id":"https:\/\/pc2.fpecaixa.info\/#website","url":"https:\/\/pc2.fpecaixa.info\/","name":"Plan Colectivo Asociado (PC2)","description":"Un altre lloc Plan de Pensiones de Empleados de Caixabank Sites ","potentialAction":[{"@type":"SearchAction","target":{"@type":"EntryPoint","urlTemplate":"https:\/\/pc2.fpecaixa.info\/?s={search_term_string}"},"query-input":{"@type":"PropertyValueSpecification","valueRequired":true,"valueName":"search_term_string"}}],"inLanguage":"en-US"},{"@type":"Person","@id":"https:\/\/pc2.fpecaixa.info\/#\/schema\/person\/aa69608ee32bb66f1154144f2e88b216","name":"ijhernandez","image":{"@type":"ImageObject","inLanguage":"en-US","@id":"https:\/\/secure.gravatar.com\/avatar\/fc12ba80fe04063a2c363a116cf1b94dc0270db700aa98301e2345b84be9a049?s=96&d=mm&r=g","url":"https:\/\/secure.gravatar.com\/avatar\/fc12ba80fe04063a2c363a116cf1b94dc0270db700aa98301e2345b84be9a049?s=96&d=mm&r=g","contentUrl":"https:\/\/secure.gravatar.com\/avatar\/fc12ba80fe04063a2c363a116cf1b94dc0270db700aa98301e2345b84be9a049?s=96&d=mm&r=g","caption":"ijhernandez"},"url":"https:\/\/pc2.fpecaixa.info\/en\/author\/ijhernandez\/"}]}},"_links":{"self":[{"href":"https:\/\/pc2.fpecaixa.info\/en\/wp-json\/wp\/v2\/posts\/1248","targetHints":{"allow":["GET"]}}],"collection":[{"href":"https:\/\/pc2.fpecaixa.info\/en\/wp-json\/wp\/v2\/posts"}],"about":[{"href":"https:\/\/pc2.fpecaixa.info\/en\/wp-json\/wp\/v2\/types\/post"}],"author":[{"embeddable":true,"href":"https:\/\/pc2.fpecaixa.info\/en\/wp-json\/wp\/v2\/users\/6"}],"replies":[{"embeddable":true,"href":"https:\/\/pc2.fpecaixa.info\/en\/wp-json\/wp\/v2\/comments?post=1248"}],"version-history":[{"count":1,"href":"https:\/\/pc2.fpecaixa.info\/en\/wp-json\/wp\/v2\/posts\/1248\/revisions"}],"predecessor-version":[{"id":1255,"href":"https:\/\/pc2.fpecaixa.info\/en\/wp-json\/wp\/v2\/posts\/1248\/revisions\/1255"}],"wp:featuredmedia":[{"embeddable":true,"href":"https:\/\/pc2.fpecaixa.info\/en\/wp-json\/wp\/v2\/media\/1298"}],"wp:attachment":[{"href":"https:\/\/pc2.fpecaixa.info\/en\/wp-json\/wp\/v2\/media?parent=1248"}],"wp:term":[{"taxonomy":"category","embeddable":true,"href":"https:\/\/pc2.fpecaixa.info\/en\/wp-json\/wp\/v2\/categories?post=1248"},{"taxonomy":"post_tag","embeddable":true,"href":"https:\/\/pc2.fpecaixa.info\/en\/wp-json\/wp\/v2\/tags?post=1248"}],"curies":[{"name":"wp","href":"https:\/\/api.w.org\/{rel}","templated":true}]}}