{"id":2027,"date":"2024-08-06T14:44:01","date_gmt":"2024-08-06T12:44:01","guid":{"rendered":"https:\/\/pc2.fpecaixa.info\/resultats-del-pensions-caixa-2-segon-trimestre-2024\/"},"modified":"2024-10-08T23:41:20","modified_gmt":"2024-10-08T21:41:20","slug":"resultats-del-pensions-caixa-2-segon-trimestre-2024","status":"publish","type":"post","link":"https:\/\/pc2.fpecaixa.info\/ca\/resultats-del-pensions-caixa-2-segon-trimestre-2024\/","title":{"rendered":"Resultats del Pensions Caixa 2 &#8211; Segon Trimestre 2024"},"content":{"rendered":"\n<p>L&#8217;evid\u00e8ncia recent suggereix que la inflaci\u00f3 a Europa i els EUA est\u00e0 disminuint. L&#8217;\u00cdndex de Preus al Consumidor (IPC) dels EUA va registrar la inflaci\u00f3 mensual m\u00e9s baixa des de mitjan 2020. No obstant aix\u00f2, les taxes d&#8217;inter\u00e8s segueixen prop dels seus nivells m\u00e0xims tant als EUA com en l&#8217;Eurozona.  <\/p>\n\n<p>Els bancs centrals han deixat de costat les previsions a llarg termini i ara s&#8217;enfoquen en les dades actuals. Als EUA, els responsables de la pol\u00edtica monet\u00e0ria confien que la inflaci\u00f3 aconseguir\u00e0 el seu objectiu per a finals del pr\u00f2xim any i han indicat possibles retallades en les taxes d&#8217;inter\u00e8s actuals en la segona meitat d&#8217;enguany. De manera similar, el Banc Central Europeu segueix aquesta mateixa traject\u00f2ria. Al juny, els responsables de la pol\u00edtica monet\u00e0ria van retallar les taxes d&#8217;inter\u00e8s en 25 punts b\u00e0sics, mostrant una major confian\u00e7a que la inflaci\u00f3 caur\u00e0 de manera sostenible fins a l&#8217;objectiu.   <\/p>\n\n<p>Els mercats de bons han estat vol\u00e0tils a causa de l&#8217;activitat econ\u00f2mica i a les dades d&#8217;inflaci\u00f3. Despr\u00e9s de fortes caigudes en el quart trimestre de 2023, enguany ha continuat veient fluctuacions segons les not\u00edcies econ\u00f2miques. En general, els rendiments s\u00f3n una mica m\u00e9s alts que a l&#8217;inici de l&#8217;any  <\/p>\n\n<p>Els mercats de renda variable han demostrat una notable resist\u00e8ncia, impulsats pel s\u00f2lid creixement econ\u00f2mic, resultats corporatius positius, pressions inflacion\u00e0ries i avan\u00e7os en intel\u00b7lig\u00e8ncia artificial (IA). El mercat estatunidenc ha destacat especialment en aquest context, malgrat les incerteses entorn de les pol\u00edtiques de taxes d&#8217;inter\u00e8s dels bancs centrals. En el que va de l&#8217;any, les accions als EUA i el Jap\u00f3 han registrat rendiments s\u00f2lids, amb les grans empreses liderant aquest acompliment. En contrast, les accions de petita capitalitzaci\u00f3 i els REITs han tingut un acompliment m\u00e9s modest. Les accions relacionades amb tecnologia i IA, especialment als EUA i Taiwan, han estat un motor clau per als guanys. A mesura que avancem, les valoracions als EUA continuen reflectint expectatives robustes de creixement de guanys per als pr\u00f2xims cinc anys, consolidant la posici\u00f3 destacada de les empreses estatunidenques des de la Crisi Financera Global.     <\/p>\n\n<p>Els diferencials de cr\u00e8dit segueixen ajustats en comparaci\u00f3 amb els nivells hist\u00f2rics en les principals regions, malgrat un lleu augment al juny. Actualment, els diferencials suggereixen un nivell d&#8217;incompliment inferior a la mitjana hist\u00f2rica, especialment despr\u00e9s de les caigudes significatives en els diferencials d&#8217;alt rendiment registrades a l&#8217;inici de l&#8217;any i en els \u00faltims tres mesos. <\/p>\n\n<p>La majoria de les monedes s&#8217;han depreciat enfront del d\u00f2lar estatunidenc enguany. El major moviment ha estat del ien japon\u00e8s, que ha caigut m\u00e9s del 12% en el que va de l&#8217;any, incloent aproximadament un 2,5% al juny. Altres monedes importants han experimentat moviments menors.  <\/p>\n\n<p>Els esdeveniments pol\u00edtics i les eleccions estan influint cada vegada m\u00e9s en els moviments del mercat. Als EUA, els resultats dels debats presidencials han influ\u00eft en els rendiments dels bons, mentre que, a Europa, les eleccions anticipades a Fran\u00e7a han afegit volatilitat als retorns i a la perspectiva general. Considerant les guerres en curs en el Mitj\u00e0 Orient i Ucra\u00efna, els riscos geopol\u00edtics continuen sent alts.  <\/p>\n\n<p>El Fons de Pensions Caixa 2 F.P. ha obtingut un rendiment positiu del +6,4% fins al final del segon trimestre d&#8217;enguany <\/p>\n\n<p>A m\u00e9s, ha superat el seu objectiu d&#8217;inversi\u00f3 (Euribor a 3 mesos + 3,5% anualitzat durant 5 anys), amb un resultat anualitzat del 5,3% a 5 anys, la qual cosa supera en 90 punts b\u00e0sics el seu objectiu de 4,4%. Tamb\u00e9 ha superat la inflaci\u00f3, que va ser del 3,5% en el mateix per\u00edode  <\/p>\n\n<p>Una an\u00e0lisi detallada dels diferents actius en la cartera de Caixa 2 F.P. revela contribucions positives de les categories de cr\u00e8dit alternatiu i renda variable. No obstant aix\u00f2, els bons i altres inversions alternatives van mostrar una contribuci\u00f3 negativa.  <\/p>\n\n<p>Finalment, en comparaci\u00f3 amb el mercat de Fons de Pensions d&#8217;Ocupaci\u00f3, el Fons se situa entre el 5% dels millors fons a Espanya en els per\u00edodes de 5 i 10 anys i entre el 25% en els per\u00edodes d&#8217;1 i 3 anys, a data de juny de 2024.<\/p>\n\n<p>En resum, Pensions Caixa 2, F.P. emergeix com una opci\u00f3 d&#8217;inversi\u00f3 altament atractiva per als seus participants, amb un rendiment que compleix els seus objectius i aconsegueix una rendibilitat s\u00f2lida.<\/p>\n\n<div class=\"wp-block-image\"><figure class=\"aligncenter size-full\"><img loading=\"lazy\" decoding=\"async\" width=\"592\" height=\"262\" src=\"http:\/\/pc2.fpecaixa.info\/wp-content\/uploads\/sites\/2\/2024\/09\/image.png\" alt=\"\" class=\"wp-image-2006\" srcset=\"https:\/\/pc2.fpecaixa.info\/wp-content\/uploads\/sites\/2\/2024\/09\/image.png 592w, https:\/\/pc2.fpecaixa.info\/wp-content\/uploads\/sites\/2\/2024\/09\/image-300x133.png 300w\" sizes=\"auto, (max-width: 592px) 100vw, 592px\" \/><\/figure><\/div>\n","protected":false},"excerpt":{"rendered":"<p>L&#8217;evid\u00e8ncia recent suggereix que la inflaci\u00f3 a Europa i els EUA est\u00e0 disminuint. L&#8217;\u00cdndex de Preus al Consumidor (IPC) dels EUA va registrar la inflaci\u00f3 mensual m\u00e9s baixa des de mitjan 2020. No obstant aix\u00f2, les taxes d&#8217;inter\u00e8s segueixen prop dels seus nivells m\u00e0xims tant als EUA com en l&#8217;Eurozona. Els bancs centrals han deixat [&hellip;]<\/p>\n","protected":false},"author":9,"featured_media":1968,"comment_status":"closed","ping_status":"open","sticky":false,"template":"","format":"standard","meta":{"_acf_changed":false,"footnotes":""},"categories":[2],"tags":[],"class_list":["post-2027","post","type-post","status-publish","format-standard","has-post-thumbnail","hentry","category-noticies"],"acf":[],"yoast_head":"<!-- This site is optimized with the Yoast SEO plugin v27.5 - https:\/\/yoast.com\/product\/yoast-seo-wordpress\/ -->\n<title>Resultats del Pensions Caixa 2 - Segon Trimestre 2024 - Plan Colectivo Asociado (PC2)<\/title>\n<meta name=\"robots\" content=\"index, follow, max-snippet:-1, max-image-preview:large, max-video-preview:-1\" \/>\n<link rel=\"canonical\" href=\"https:\/\/pc2.fpecaixa.info\/ca\/resultats-del-pensions-caixa-2-segon-trimestre-2024\/\" \/>\n<meta property=\"og:locale\" content=\"ca_ES\" \/>\n<meta property=\"og:type\" content=\"article\" \/>\n<meta property=\"og:title\" content=\"Resultats del Pensions Caixa 2 - Segon Trimestre 2024 - Plan Colectivo Asociado (PC2)\" \/>\n<meta property=\"og:description\" content=\"L&#8217;evid\u00e8ncia recent suggereix que la inflaci\u00f3 a Europa i els EUA est\u00e0 disminuint. L&#8217;\u00cdndex de Preus al Consumidor (IPC) dels EUA va registrar la inflaci\u00f3 mensual m\u00e9s baixa des de mitjan 2020. No obstant aix\u00f2, les taxes d&#8217;inter\u00e8s segueixen prop dels seus nivells m\u00e0xims tant als EUA com en l&#8217;Eurozona. Els bancs centrals han deixat [&hellip;]\" \/>\n<meta property=\"og:url\" content=\"https:\/\/pc2.fpecaixa.info\/ca\/resultats-del-pensions-caixa-2-segon-trimestre-2024\/\" \/>\n<meta property=\"og:site_name\" content=\"Plan Colectivo Asociado (PC2)\" \/>\n<meta property=\"article:published_time\" content=\"2024-08-06T12:44:01+00:00\" \/>\n<meta property=\"article:modified_time\" content=\"2024-10-08T21:41:20+00:00\" \/>\n<meta property=\"og:image\" content=\"https:\/\/pc2.fpecaixa.info\/wp-content\/uploads\/sites\/2\/2024\/08\/luke-chesser-JKUTrJ4vK00-unsplash-scaled.jpg\" \/>\n\t<meta property=\"og:image:width\" content=\"2560\" \/>\n\t<meta property=\"og:image:height\" content=\"1707\" \/>\n\t<meta property=\"og:image:type\" content=\"image\/jpeg\" \/>\n<meta name=\"author\" content=\"alejomoreno\" \/>\n<meta name=\"twitter:card\" content=\"summary_large_image\" \/>\n<meta name=\"twitter:label1\" content=\"Escrit per\" \/>\n\t<meta name=\"twitter:data1\" content=\"alejomoreno\" \/>\n\t<meta name=\"twitter:label2\" content=\"Temps estimat de lectura\" \/>\n\t<meta name=\"twitter:data2\" content=\"4 minuts\" \/>\n<script type=\"application\/ld+json\" class=\"yoast-schema-graph\">{\"@context\":\"https:\\\/\\\/schema.org\",\"@graph\":[{\"@type\":\"Article\",\"@id\":\"https:\\\/\\\/pc2.fpecaixa.info\\\/ca\\\/resultats-del-pensions-caixa-2-segon-trimestre-2024\\\/#article\",\"isPartOf\":{\"@id\":\"https:\\\/\\\/pc2.fpecaixa.info\\\/ca\\\/resultats-del-pensions-caixa-2-segon-trimestre-2024\\\/\"},\"author\":{\"name\":\"alejomoreno\",\"@id\":\"https:\\\/\\\/pc2.fpecaixa.info\\\/#\\\/schema\\\/person\\\/1cedd065f046956fccb278764ba6a721\"},\"headline\":\"Resultats del Pensions Caixa 2 &#8211; Segon Trimestre 2024\",\"datePublished\":\"2024-08-06T12:44:01+00:00\",\"dateModified\":\"2024-10-08T21:41:20+00:00\",\"mainEntityOfPage\":{\"@id\":\"https:\\\/\\\/pc2.fpecaixa.info\\\/ca\\\/resultats-del-pensions-caixa-2-segon-trimestre-2024\\\/\"},\"wordCount\":741,\"image\":{\"@id\":\"https:\\\/\\\/pc2.fpecaixa.info\\\/ca\\\/resultats-del-pensions-caixa-2-segon-trimestre-2024\\\/#primaryimage\"},\"thumbnailUrl\":\"https:\\\/\\\/pc2.fpecaixa.info\\\/wp-content\\\/uploads\\\/sites\\\/2\\\/2024\\\/08\\\/luke-chesser-JKUTrJ4vK00-unsplash-scaled.jpg\",\"articleSection\":[\"Noticies\"],\"inLanguage\":\"ca\"},{\"@type\":\"WebPage\",\"@id\":\"https:\\\/\\\/pc2.fpecaixa.info\\\/ca\\\/resultats-del-pensions-caixa-2-segon-trimestre-2024\\\/\",\"url\":\"https:\\\/\\\/pc2.fpecaixa.info\\\/ca\\\/resultats-del-pensions-caixa-2-segon-trimestre-2024\\\/\",\"name\":\"Resultats del Pensions Caixa 2 - Segon Trimestre 2024 - Plan Colectivo Asociado (PC2)\",\"isPartOf\":{\"@id\":\"https:\\\/\\\/pc2.fpecaixa.info\\\/#website\"},\"primaryImageOfPage\":{\"@id\":\"https:\\\/\\\/pc2.fpecaixa.info\\\/ca\\\/resultats-del-pensions-caixa-2-segon-trimestre-2024\\\/#primaryimage\"},\"image\":{\"@id\":\"https:\\\/\\\/pc2.fpecaixa.info\\\/ca\\\/resultats-del-pensions-caixa-2-segon-trimestre-2024\\\/#primaryimage\"},\"thumbnailUrl\":\"https:\\\/\\\/pc2.fpecaixa.info\\\/wp-content\\\/uploads\\\/sites\\\/2\\\/2024\\\/08\\\/luke-chesser-JKUTrJ4vK00-unsplash-scaled.jpg\",\"datePublished\":\"2024-08-06T12:44:01+00:00\",\"dateModified\":\"2024-10-08T21:41:20+00:00\",\"author\":{\"@id\":\"https:\\\/\\\/pc2.fpecaixa.info\\\/#\\\/schema\\\/person\\\/1cedd065f046956fccb278764ba6a721\"},\"breadcrumb\":{\"@id\":\"https:\\\/\\\/pc2.fpecaixa.info\\\/ca\\\/resultats-del-pensions-caixa-2-segon-trimestre-2024\\\/#breadcrumb\"},\"inLanguage\":\"ca\",\"potentialAction\":[{\"@type\":\"ReadAction\",\"target\":[\"https:\\\/\\\/pc2.fpecaixa.info\\\/ca\\\/resultats-del-pensions-caixa-2-segon-trimestre-2024\\\/\"]}]},{\"@type\":\"ImageObject\",\"inLanguage\":\"ca\",\"@id\":\"https:\\\/\\\/pc2.fpecaixa.info\\\/ca\\\/resultats-del-pensions-caixa-2-segon-trimestre-2024\\\/#primaryimage\",\"url\":\"https:\\\/\\\/pc2.fpecaixa.info\\\/wp-content\\\/uploads\\\/sites\\\/2\\\/2024\\\/08\\\/luke-chesser-JKUTrJ4vK00-unsplash-scaled.jpg\",\"contentUrl\":\"https:\\\/\\\/pc2.fpecaixa.info\\\/wp-content\\\/uploads\\\/sites\\\/2\\\/2024\\\/08\\\/luke-chesser-JKUTrJ4vK00-unsplash-scaled.jpg\",\"width\":2560,\"height\":1707},{\"@type\":\"BreadcrumbList\",\"@id\":\"https:\\\/\\\/pc2.fpecaixa.info\\\/ca\\\/resultats-del-pensions-caixa-2-segon-trimestre-2024\\\/#breadcrumb\",\"itemListElement\":[{\"@type\":\"ListItem\",\"position\":1,\"name\":\"Inici\",\"item\":\"https:\\\/\\\/pc2.fpecaixa.info\\\/\"},{\"@type\":\"ListItem\",\"position\":2,\"name\":\"Resultats del Pensions Caixa 2 &#8211; Segon Trimestre 2024\"}]},{\"@type\":\"WebSite\",\"@id\":\"https:\\\/\\\/pc2.fpecaixa.info\\\/#website\",\"url\":\"https:\\\/\\\/pc2.fpecaixa.info\\\/\",\"name\":\"Plan Colectivo Asociado (PC2)\",\"description\":\"Un altre lloc Plan de Pensiones de Empleados de Caixabank Sites \",\"potentialAction\":[{\"@type\":\"SearchAction\",\"target\":{\"@type\":\"EntryPoint\",\"urlTemplate\":\"https:\\\/\\\/pc2.fpecaixa.info\\\/?s={search_term_string}\"},\"query-input\":{\"@type\":\"PropertyValueSpecification\",\"valueRequired\":true,\"valueName\":\"search_term_string\"}}],\"inLanguage\":\"ca\"},{\"@type\":\"Person\",\"@id\":\"https:\\\/\\\/pc2.fpecaixa.info\\\/#\\\/schema\\\/person\\\/1cedd065f046956fccb278764ba6a721\",\"name\":\"alejomoreno\",\"image\":{\"@type\":\"ImageObject\",\"inLanguage\":\"ca\",\"@id\":\"https:\\\/\\\/secure.gravatar.com\\\/avatar\\\/3ed86198eb8340d2506460b8c3a324ce02616f4d862dcafa682e95a809b20e43?s=96&d=mm&r=g\",\"url\":\"https:\\\/\\\/secure.gravatar.com\\\/avatar\\\/3ed86198eb8340d2506460b8c3a324ce02616f4d862dcafa682e95a809b20e43?s=96&d=mm&r=g\",\"contentUrl\":\"https:\\\/\\\/secure.gravatar.com\\\/avatar\\\/3ed86198eb8340d2506460b8c3a324ce02616f4d862dcafa682e95a809b20e43?s=96&d=mm&r=g\",\"caption\":\"alejomoreno\"},\"url\":\"https:\\\/\\\/pc2.fpecaixa.info\\\/ca\\\/author\\\/alejomoreno\\\/\"}]}<\/script>\n<!-- \/ Yoast SEO plugin. -->","yoast_head_json":{"title":"Resultats del Pensions Caixa 2 - Segon Trimestre 2024 - Plan Colectivo Asociado (PC2)","robots":{"index":"index","follow":"follow","max-snippet":"max-snippet:-1","max-image-preview":"max-image-preview:large","max-video-preview":"max-video-preview:-1"},"canonical":"https:\/\/pc2.fpecaixa.info\/ca\/resultats-del-pensions-caixa-2-segon-trimestre-2024\/","og_locale":"ca_ES","og_type":"article","og_title":"Resultats del Pensions Caixa 2 - Segon Trimestre 2024 - Plan Colectivo Asociado (PC2)","og_description":"L&#8217;evid\u00e8ncia recent suggereix que la inflaci\u00f3 a Europa i els EUA est\u00e0 disminuint. L&#8217;\u00cdndex de Preus al Consumidor (IPC) dels EUA va registrar la inflaci\u00f3 mensual m\u00e9s baixa des de mitjan 2020. No obstant aix\u00f2, les taxes d&#8217;inter\u00e8s segueixen prop dels seus nivells m\u00e0xims tant als EUA com en l&#8217;Eurozona. Els bancs centrals han deixat [&hellip;]","og_url":"https:\/\/pc2.fpecaixa.info\/ca\/resultats-del-pensions-caixa-2-segon-trimestre-2024\/","og_site_name":"Plan Colectivo Asociado (PC2)","article_published_time":"2024-08-06T12:44:01+00:00","article_modified_time":"2024-10-08T21:41:20+00:00","og_image":[{"width":2560,"height":1707,"url":"https:\/\/pc2.fpecaixa.info\/wp-content\/uploads\/sites\/2\/2024\/08\/luke-chesser-JKUTrJ4vK00-unsplash-scaled.jpg","type":"image\/jpeg"}],"author":"alejomoreno","twitter_card":"summary_large_image","twitter_misc":{"Escrit per":"alejomoreno","Temps estimat de lectura":"4 minuts"},"schema":{"@context":"https:\/\/schema.org","@graph":[{"@type":"Article","@id":"https:\/\/pc2.fpecaixa.info\/ca\/resultats-del-pensions-caixa-2-segon-trimestre-2024\/#article","isPartOf":{"@id":"https:\/\/pc2.fpecaixa.info\/ca\/resultats-del-pensions-caixa-2-segon-trimestre-2024\/"},"author":{"name":"alejomoreno","@id":"https:\/\/pc2.fpecaixa.info\/#\/schema\/person\/1cedd065f046956fccb278764ba6a721"},"headline":"Resultats del Pensions Caixa 2 &#8211; Segon Trimestre 2024","datePublished":"2024-08-06T12:44:01+00:00","dateModified":"2024-10-08T21:41:20+00:00","mainEntityOfPage":{"@id":"https:\/\/pc2.fpecaixa.info\/ca\/resultats-del-pensions-caixa-2-segon-trimestre-2024\/"},"wordCount":741,"image":{"@id":"https:\/\/pc2.fpecaixa.info\/ca\/resultats-del-pensions-caixa-2-segon-trimestre-2024\/#primaryimage"},"thumbnailUrl":"https:\/\/pc2.fpecaixa.info\/wp-content\/uploads\/sites\/2\/2024\/08\/luke-chesser-JKUTrJ4vK00-unsplash-scaled.jpg","articleSection":["Noticies"],"inLanguage":"ca"},{"@type":"WebPage","@id":"https:\/\/pc2.fpecaixa.info\/ca\/resultats-del-pensions-caixa-2-segon-trimestre-2024\/","url":"https:\/\/pc2.fpecaixa.info\/ca\/resultats-del-pensions-caixa-2-segon-trimestre-2024\/","name":"Resultats del Pensions Caixa 2 - Segon Trimestre 2024 - Plan Colectivo Asociado (PC2)","isPartOf":{"@id":"https:\/\/pc2.fpecaixa.info\/#website"},"primaryImageOfPage":{"@id":"https:\/\/pc2.fpecaixa.info\/ca\/resultats-del-pensions-caixa-2-segon-trimestre-2024\/#primaryimage"},"image":{"@id":"https:\/\/pc2.fpecaixa.info\/ca\/resultats-del-pensions-caixa-2-segon-trimestre-2024\/#primaryimage"},"thumbnailUrl":"https:\/\/pc2.fpecaixa.info\/wp-content\/uploads\/sites\/2\/2024\/08\/luke-chesser-JKUTrJ4vK00-unsplash-scaled.jpg","datePublished":"2024-08-06T12:44:01+00:00","dateModified":"2024-10-08T21:41:20+00:00","author":{"@id":"https:\/\/pc2.fpecaixa.info\/#\/schema\/person\/1cedd065f046956fccb278764ba6a721"},"breadcrumb":{"@id":"https:\/\/pc2.fpecaixa.info\/ca\/resultats-del-pensions-caixa-2-segon-trimestre-2024\/#breadcrumb"},"inLanguage":"ca","potentialAction":[{"@type":"ReadAction","target":["https:\/\/pc2.fpecaixa.info\/ca\/resultats-del-pensions-caixa-2-segon-trimestre-2024\/"]}]},{"@type":"ImageObject","inLanguage":"ca","@id":"https:\/\/pc2.fpecaixa.info\/ca\/resultats-del-pensions-caixa-2-segon-trimestre-2024\/#primaryimage","url":"https:\/\/pc2.fpecaixa.info\/wp-content\/uploads\/sites\/2\/2024\/08\/luke-chesser-JKUTrJ4vK00-unsplash-scaled.jpg","contentUrl":"https:\/\/pc2.fpecaixa.info\/wp-content\/uploads\/sites\/2\/2024\/08\/luke-chesser-JKUTrJ4vK00-unsplash-scaled.jpg","width":2560,"height":1707},{"@type":"BreadcrumbList","@id":"https:\/\/pc2.fpecaixa.info\/ca\/resultats-del-pensions-caixa-2-segon-trimestre-2024\/#breadcrumb","itemListElement":[{"@type":"ListItem","position":1,"name":"Inici","item":"https:\/\/pc2.fpecaixa.info\/"},{"@type":"ListItem","position":2,"name":"Resultats del Pensions Caixa 2 &#8211; Segon Trimestre 2024"}]},{"@type":"WebSite","@id":"https:\/\/pc2.fpecaixa.info\/#website","url":"https:\/\/pc2.fpecaixa.info\/","name":"Plan Colectivo Asociado (PC2)","description":"Un altre lloc Plan de Pensiones de Empleados de Caixabank Sites ","potentialAction":[{"@type":"SearchAction","target":{"@type":"EntryPoint","urlTemplate":"https:\/\/pc2.fpecaixa.info\/?s={search_term_string}"},"query-input":{"@type":"PropertyValueSpecification","valueRequired":true,"valueName":"search_term_string"}}],"inLanguage":"ca"},{"@type":"Person","@id":"https:\/\/pc2.fpecaixa.info\/#\/schema\/person\/1cedd065f046956fccb278764ba6a721","name":"alejomoreno","image":{"@type":"ImageObject","inLanguage":"ca","@id":"https:\/\/secure.gravatar.com\/avatar\/3ed86198eb8340d2506460b8c3a324ce02616f4d862dcafa682e95a809b20e43?s=96&d=mm&r=g","url":"https:\/\/secure.gravatar.com\/avatar\/3ed86198eb8340d2506460b8c3a324ce02616f4d862dcafa682e95a809b20e43?s=96&d=mm&r=g","contentUrl":"https:\/\/secure.gravatar.com\/avatar\/3ed86198eb8340d2506460b8c3a324ce02616f4d862dcafa682e95a809b20e43?s=96&d=mm&r=g","caption":"alejomoreno"},"url":"https:\/\/pc2.fpecaixa.info\/ca\/author\/alejomoreno\/"}]}},"_links":{"self":[{"href":"https:\/\/pc2.fpecaixa.info\/ca\/wp-json\/wp\/v2\/posts\/2027","targetHints":{"allow":["GET"]}}],"collection":[{"href":"https:\/\/pc2.fpecaixa.info\/ca\/wp-json\/wp\/v2\/posts"}],"about":[{"href":"https:\/\/pc2.fpecaixa.info\/ca\/wp-json\/wp\/v2\/types\/post"}],"author":[{"embeddable":true,"href":"https:\/\/pc2.fpecaixa.info\/ca\/wp-json\/wp\/v2\/users\/9"}],"replies":[{"embeddable":true,"href":"https:\/\/pc2.fpecaixa.info\/ca\/wp-json\/wp\/v2\/comments?post=2027"}],"version-history":[{"count":1,"href":"https:\/\/pc2.fpecaixa.info\/ca\/wp-json\/wp\/v2\/posts\/2027\/revisions"}],"predecessor-version":[{"id":2028,"href":"https:\/\/pc2.fpecaixa.info\/ca\/wp-json\/wp\/v2\/posts\/2027\/revisions\/2028"}],"wp:featuredmedia":[{"embeddable":true,"href":"https:\/\/pc2.fpecaixa.info\/ca\/wp-json\/wp\/v2\/media\/1968"}],"wp:attachment":[{"href":"https:\/\/pc2.fpecaixa.info\/ca\/wp-json\/wp\/v2\/media?parent=2027"}],"wp:term":[{"taxonomy":"category","embeddable":true,"href":"https:\/\/pc2.fpecaixa.info\/ca\/wp-json\/wp\/v2\/categories?post=2027"},{"taxonomy":"post_tag","embeddable":true,"href":"https:\/\/pc2.fpecaixa.info\/ca\/wp-json\/wp\/v2\/tags?post=2027"}],"curies":[{"name":"wp","href":"https:\/\/api.w.org\/{rel}","templated":true}]}}